{"id":11318,"date":"2026-08-31T07:48:04","date_gmt":"2026-08-31T05:48:04","guid":{"rendered":"https:\/\/www.szpital.uwm.edu.pl\/?p=11318"},"modified":"2026-08-31T07:51:40","modified_gmt":"2026-08-31T05:51:40","slug":"miedzynarodowa-lekcja-pielegniarstwa-w-usk-olsztyn","status":"publish","type":"post","link":"https:\/\/www.szpital.uwm.edu.pl\/?p=11318","title":{"rendered":"Mi\u0119dzynarodowa lekcja piel\u0119gniarstwa w USK Olsztyn"},"content":{"rendered":"<p><b>Koniec wakacji dla jednych oznacza powr\u00f3t z urlopu, a dla innych \u2014 zako\u0144czenie wa\u017cnego etapu nauki i zdobywania do\u015bwiadczenia zawodowego. W lipcu i sierpniu Uniwersytecki Szpital Kliniczny w Olsztynie go\u015bci\u0142 \u015eevval Toruk, studentk\u0119 II roku piel\u0119gniarstwa z Ac\u0131badem University w Stambule.<\/b><\/p>\n<p><!--more--><\/p>\n<p>\u015eevval przyjecha\u0142a do Olsztyna w ramach programu Erasmus+. Dzi\u0119ki wsp\u00f3\u0142pracy z Uniwersytetem Warmi\u0144sko-Mazurskim w Olsztynie odby\u0142a praktyki w\u00a0<b>Klinice Neurologii z Pododdzia\u0142em Udarowym<\/b>\u00a0oraz\u00a0<b>Klinice Chirurgii Onkologicznej i Og\u00f3lnej<\/b>.<\/p>\n<p>Podczas dwumiesi\u0119cznego pobytu mog\u0142a pozna\u0107 organizacj\u0119 pracy polskiego szpitala, uczestniczy\u0107 w opiece nad pacjentami oraz obserwowa\u0107 ca\u0142y proces hospitalizacji \u2014 od przyj\u0119cia do wypisu. Zdobywa\u0142a do\u015bwiadczenie mi\u0119dzy innymi w zakresie monitorowania leczenia, oceny stanu pacjent\u00f3w oraz komunikacji mi\u0119dzy personelem medycznym a chorymi.<\/p>\n<p>Szczeg\u00f3lnie dobrze wspomina wsparcie, jakie otrzyma\u0142a od zespo\u0142\u00f3w piel\u0119gniarskich.<\/p>\n<blockquote><p>\u201ePiel\u0119gniarki by\u0142y niezwykle cierpliwe, \u017cyczliwe i wspieraj\u0105ce. T\u0142umaczy\u0142y mi procedury, pozwala\u0142y wykonywa\u0107 zadania samodzielnie, a ka\u017cd\u0105 pomy\u0142k\u0119 traktowa\u0142y jako okazj\u0119 do nauki. Dzi\u0119ki temu zyska\u0142am wi\u0119ksz\u0105 pewno\u015b\u0107 siebie i rozwin\u0119\u0142am swoje umiej\u0119tno\u015bci piel\u0119gniarskie\u201d \u2014 podkre\u015bla \u015eevval Toruk.<\/p><\/blockquote>\n<p>Studentka zwr\u00f3ci\u0142a r\u00f3wnie\u017c uwag\u0119 na otwarto\u015b\u0107 pacjent\u00f3w, personelu oraz innych student\u00f3w. Jak zaznacza, mo\u017cliwo\u015b\u0107 poznania systemu ochrony zdrowia w innym kraju pozwoli\u0142a jej spojrze\u0107 na przysz\u0142y zaw\u00f3d z szerszej, mi\u0119dzynarodowej perspektywy.<\/p>\n<p>Praktyki zagranicznych student\u00f3w s\u0105 wa\u017cnym elementem dydaktycznej misji Uniwersyteckiego Szpitala Klinicznego w Olsztynie. To tak\u017ce okazja do wymiany do\u015bwiadcze\u0144, poznawania r\u00f3\u017cnych modeli opieki nad pacjentem oraz rozwijania kompetencji przysz\u0142ych przedstawicieli zawod\u00f3w medycznych.<\/p>\n<p>Dzi\u0119kujemy \u015eevval za wsp\u00f3lnie sp\u0119dzone dwa miesi\u0105ce i \u017cyczymy jej powodzenia w dalszej nauce oraz przysz\u0142ej pracy zawodowej.<\/p>\n<p><b>Do zobaczenia, \u015eevval!<\/b><\/p>\n<p><img loading=\"lazy\" decoding=\"async\" class=\"size-full wp-image-11319\" src=\"https:\/\/www.szpital.uwm.edu.pl\/wp-content\/uploads\/2026\/08\/Sevva-2.png\" alt=\"pielegniarka\" width=\"1092\" height=\"1440\" srcset=\"https:\/\/www.szpital.uwm.edu.pl\/wp-content\/uploads\/2026\/08\/Sevva-2.png 1092w, https:\/\/www.szpital.uwm.edu.pl\/wp-content\/uploads\/2026\/08\/Sevva-2-320x422.png 320w, https:\/\/www.szpital.uwm.edu.pl\/wp-content\/uploads\/2026\/08\/Sevva-2-768x1013.png 768w, https:\/\/www.szpital.uwm.edu.pl\/wp-content\/uploads\/2026\/08\/Sevva-2-540x712.png 540w\" sizes=\"auto, (max-width: 1092px) 100vw, 1092px\" \/><\/p>\n<p>&nbsp;<\/p>\n","protected":false},"excerpt":{"rendered":"<p>Koniec wakacji dla jednych oznacza powr\u00f3t z urlopu, a dla innych \u2014 zako\u0144czenie wa\u017cnego etapu nauki i zdobywania do\u015bwiadczenia zawodowego. W lipcu i sierpniu Uniwersytecki Szpital Kliniczny w Olsztynie go\u015bci\u0142 \u015eevval Toruk, studentk\u0119 II roku piel\u0119gniarstwa z Ac\u0131badem University w Stambule.<\/p>\n","protected":false},"author":2,"featured_media":11319,"comment_status":"closed","ping_status":"closed","sticky":false,"template":"","format":"image","meta":{"footnotes":""},"categories":[11],"tags":[],"class_list":["post-11318","post","type-post","status-publish","format-image","has-post-thumbnail","hentry","category-news","post_format-post-format-image"],"_links":{"self":[{"href":"https:\/\/www.szpital.uwm.edu.pl\/index.php?rest_route=\/wp\/v2\/posts\/11318","targetHints":{"allow":["GET"]}}],"collection":[{"href":"https:\/\/www.szpital.uwm.edu.pl\/index.php?rest_route=\/wp\/v2\/posts"}],"about":[{"href":"https:\/\/www.szpital.uwm.edu.pl\/index.php?rest_route=\/wp\/v2\/types\/post"}],"author":[{"embeddable":true,"href":"https:\/\/www.szpital.uwm.edu.pl\/index.php?rest_route=\/wp\/v2\/users\/2"}],"replies":[{"embeddable":true,"href":"https:\/\/www.szpital.uwm.edu.pl\/index.php?rest_route=%2Fwp%2Fv2%2Fcomments&post=11318"}],"version-history":[{"count":6,"href":"https:\/\/www.szpital.uwm.edu.pl\/index.php?rest_route=\/wp\/v2\/posts\/11318\/revisions"}],"predecessor-version":[{"id":11326,"href":"https:\/\/www.szpital.uwm.edu.pl\/index.php?rest_route=\/wp\/v2\/posts\/11318\/revisions\/11326"}],"wp:featuredmedia":[{"embeddable":true,"href":"https:\/\/www.szpital.uwm.edu.pl\/index.php?rest_route=\/wp\/v2\/media\/11319"}],"wp:attachment":[{"href":"https:\/\/www.szpital.uwm.edu.pl\/index.php?rest_route=%2Fwp%2Fv2%2Fmedia&parent=11318"}],"wp:term":[{"taxonomy":"category","embeddable":true,"href":"https:\/\/www.szpital.uwm.edu.pl\/index.php?rest_route=%2Fwp%2Fv2%2Fcategories&post=11318"},{"taxonomy":"post_tag","embeddable":true,"href":"https:\/\/www.szpital.uwm.edu.pl\/index.php?rest_route=%2Fwp%2Fv2%2Ftags&post=11318"}],"curies":[{"name":"wp","href":"https:\/\/api.w.org\/{rel}","templated":true}]}}