{"id":11286,"date":"2026-08-21T12:04:09","date_gmt":"2026-08-21T10:04:09","guid":{"rendered":"https:\/\/www.szpital.uwm.edu.pl\/?p=11286"},"modified":"2026-08-28T12:45:41","modified_gmt":"2026-08-28T10:45:41","slug":"konkurs-ofert-na-swiadczenia-zdrowotne-w-zakresie-zabezpieczenie-zdrowotne-w-izbie-przyjec","status":"publish","type":"post","link":"https:\/\/www.szpital.uwm.edu.pl\/?p=11286","title":{"rendered":"Konkurs ofert na \u015bwiadczenia zdrowotne w zakresie zabezpieczenie zdrowotne w Izbie Przyj\u0119\u0107"},"content":{"rendered":"<h6 style=\"text-align: center;\">DYREKTOR<\/h6>\n<h6 style=\"text-align: center;\"><strong>UNIWERSYTECKIEGO SZPITALA KLINICZNEGO\u00a0<\/strong><\/h6>\n<h6 style=\"text-align: center;\"><strong>W OLSZTYNIE\u00a0<\/strong><\/h6>\n<h6 style=\"text-align: center;\"><strong>AL.WARSZAWSKA 30, 10-082 OLSZTYN<\/strong><\/h6>\n<p>&nbsp;<\/p>\n<h6 style=\"text-align: center;\">zgodnie<strong> z Ustaw\u0105 z dnia 15 kwietnia 2011r. o dzia\u0142alno\u015bci leczniczej\u00a0<\/strong><\/h6>\n<h6 style=\"text-align: center;\">(t. j. Dz. U. z 2023, poz.991 z p\u00f3\u017an.zm.)<\/h6>\n<p>&nbsp;<\/p>\n<h5 style=\"text-align: center;\"><strong>\u00a0 \u00a0 \u00a0 \u00a0 \u00a0 \u00a0 Og\u0142asza konkurs na \u015bwiadczenia zdrowotne w zakresie zabezpieczenie medyczne w Izbie Przyj\u0119\u0107<\/strong><\/h5>\n<p><a href=\"https:\/\/www.szpital.uwm.edu.pl\/wp-content\/uploads\/2026\/08\/1.-Przedmiot-zamowienia-2.pdf\">1. Og\u0142oszenie <\/a><\/p>\n<p><a href=\"https:\/\/www.szpital.uwm.edu.pl\/wp-content\/uploads\/2026\/08\/2.-Formularz-ofertowy.doc\">2. Formularz ofertowy<\/a><\/p>\n<p><a href=\"https:\/\/www.szpital.uwm.edu.pl\/wp-content\/uploads\/2026\/08\/Wzor-umowy-2026-Izba-przyjec-KSeF.pdf\">3. Wz\u00f3r umowy<\/a><\/p>\n<p><a href=\"https:\/\/www.szpital.uwm.edu.pl\/wp-content\/uploads\/2026\/08\/Klauzula-RODO-do-oferty-2.pdf\">4. Klauzula RODO<\/a><\/p>\n<p>&nbsp;<\/p>\n<h3 style=\"text-align: center;\">INFORMACJA O ZMIANIE TERMINU SK\u0141ADANIA I OTWARCIA OFERT<\/h3>\n<p data-path-to-node=\"0\">\n<ol start=\"1\" data-path-to-node=\"1\">\n<li>\n<p data-path-to-node=\"1,0,0\">Ofert\u0119 nale\u017cy z\u0142o\u017cy\u0107 w Sekretariacie Szpitala, Al. Warszawska 30, 10-082 Olsztyn<\/p>\n<\/li>\n<li>\n<p data-path-to-node=\"1,1,0\">Termin sk\u0142adania ofert: <b data-path-to-node=\"1,1,0\" data-index-in-node=\"24\">31.08.2026 r.<\/b>, godzina 10.00.<\/p>\n<\/li>\n<li>\n<p data-path-to-node=\"1,2,0\">Termin otwarcia ofert: <b data-path-to-node=\"1,2,0\" data-index-in-node=\"23\">31.08.2026 r.<\/b>, godzina 10.15.<\/p>\n<\/li>\n<li>\n<p data-path-to-node=\"1,3,0\">Otwarcie ofert nast\u0105pi w siedzibie Udzielaj\u0105cego zam\u00f3wienie.<\/p>\n<\/li>\n<li>\n<p data-path-to-node=\"1,4,0\">Termin zwi\u0105zania ofert\u0105: 30 dni od daty otwarcia ofert.<\/p>\n<\/li>\n<\/ol>\n","protected":false},"excerpt":{"rendered":"<p>DYREKTOR UNIWERSYTECKIEGO SZPITALA KLINICZNEGO\u00a0 W OLSZTYNIE\u00a0 AL.WARSZAWSKA 30, 10-082 OLSZTYN &nbsp; zgodnie z Ustaw\u0105 z dnia 15 kwietnia 2011r. o dzia\u0142alno\u015bci leczniczej\u00a0 (t. j. Dz. U. z 2023, poz.991 z p\u00f3\u017an.zm.) &nbsp; \u00a0 \u00a0 \u00a0 \u00a0 \u00a0 \u00a0 Og\u0142asza konkurs na \u015bwiadczenia zdrowotne w zakresie zabezpieczenie medyczne w Izbie Przyj\u0119\u0107 1. Og\u0142oszenie 2. Formularz ofertowyLeer M\u00e1s<\/p>\n","protected":false},"author":14,"featured_media":3788,"comment_status":"closed","ping_status":"closed","sticky":false,"template":"","format":"standard","meta":{"footnotes":""},"categories":[18],"tags":[],"class_list":["post-11286","post","type-post","status-publish","format-standard","has-post-thumbnail","hentry","category-konkursy"],"_links":{"self":[{"href":"https:\/\/www.szpital.uwm.edu.pl\/index.php?rest_route=\/wp\/v2\/posts\/11286","targetHints":{"allow":["GET"]}}],"collection":[{"href":"https:\/\/www.szpital.uwm.edu.pl\/index.php?rest_route=\/wp\/v2\/posts"}],"about":[{"href":"https:\/\/www.szpital.uwm.edu.pl\/index.php?rest_route=\/wp\/v2\/types\/post"}],"author":[{"embeddable":true,"href":"https:\/\/www.szpital.uwm.edu.pl\/index.php?rest_route=\/wp\/v2\/users\/14"}],"replies":[{"embeddable":true,"href":"https:\/\/www.szpital.uwm.edu.pl\/index.php?rest_route=%2Fwp%2Fv2%2Fcomments&post=11286"}],"version-history":[{"count":6,"href":"https:\/\/www.szpital.uwm.edu.pl\/index.php?rest_route=\/wp\/v2\/posts\/11286\/revisions"}],"predecessor-version":[{"id":11317,"href":"https:\/\/www.szpital.uwm.edu.pl\/index.php?rest_route=\/wp\/v2\/posts\/11286\/revisions\/11317"}],"wp:featuredmedia":[{"embeddable":true,"href":"https:\/\/www.szpital.uwm.edu.pl\/index.php?rest_route=\/wp\/v2\/media\/3788"}],"wp:attachment":[{"href":"https:\/\/www.szpital.uwm.edu.pl\/index.php?rest_route=%2Fwp%2Fv2%2Fmedia&parent=11286"}],"wp:term":[{"taxonomy":"category","embeddable":true,"href":"https:\/\/www.szpital.uwm.edu.pl\/index.php?rest_route=%2Fwp%2Fv2%2Fcategories&post=11286"},{"taxonomy":"post_tag","embeddable":true,"href":"https:\/\/www.szpital.uwm.edu.pl\/index.php?rest_route=%2Fwp%2Fv2%2Ftags&post=11286"}],"curies":[{"name":"wp","href":"https:\/\/api.w.org\/{rel}","templated":true}]}}